{"id":47682,"date":"2023-12-20T09:54:17","date_gmt":"2023-12-20T08:54:17","guid":{"rendered":"https:\/\/drytech.ch\/?p=47682"},"modified":"2025-05-08T16:53:08","modified_gmt":"2025-05-08T14:53:08","slug":"ecole-maternelle-torricella-taverne","status":"publish","type":"post","link":"https:\/\/drytech.ch\/fr\/ecole-maternelle-torricella-taverne\/","title":{"rendered":"\u00e9tanch\u00e9it\u00e9 podium partiellement enterr\u00e9"},"content":{"rendered":"\t\t<div data-elementor-type=\"wp-post\" data-elementor-id=\"47682\" class=\"elementor elementor-47682 elementor-47679\" data-elementor-settings=\"{&quot;ha_cmc_init_switcher&quot;:&quot;no&quot;}\">\n\t\t\t\t\t\t<section class=\"elementor-section elementor-top-section elementor-element elementor-element-a8c951f elementor-section-boxed elementor-section-height-default elementor-section-height-default\" data-id=\"a8c951f\" data-element_type=\"section\" data-e-type=\"section\" data-settings=\"{&quot;_ha_eqh_enable&quot;:false}\">\n\t\t\t\t\t\t<div class=\"elementor-container elementor-column-gap-default\">\n\t\t\t\t\t<div class=\"elementor-column elementor-col-100 elementor-top-column elementor-element elementor-element-55828262\" data-id=\"55828262\" data-element_type=\"column\" data-e-type=\"column\">\n\t\t\t<div class=\"elementor-widget-wrap elementor-element-populated\">\n\t\t\t\t\t\t<div class=\"elementor-element elementor-element-97c8d78 elementor-widget elementor-widget-text-editor\" data-id=\"97c8d78\" data-element_type=\"widget\" data-e-type=\"widget\" data-widget_type=\"text-editor.default\">\n\t\t\t\t<div class=\"elementor-widget-container\">\n\t\t\t\t\t\t\t\t\t<p>L&#8217;\u00e9tanch\u00e9it\u00e9 du podium partiellement enterr\u00e9 de l&#8217;\u00e9cole Torricella-Taverne est r\u00e9alis\u00e9e avec un Cuve Drytech.<\/p><p>La construction de l&#8217;\u00e9cole maternelle de Torricella-Taverne s&#8217;inscrit dans le cadre de la r\u00e9organisation globale d&#8217;un territoire dans lequel est pr\u00e9vue la construction de divers ouvrages publics, scolaires et sportifs.<\/p><p>Le studio Celoria Architects a traduit la contrainte repr\u00e9sent\u00e9e par un mur existant en une ressource qui, en touchant les diff\u00e9rents \u00e9l\u00e9ments pr\u00e9sents dans la zone, d\u00e9finit leurs relations mutuelles. Le mur est en effet devenu le sujet principal de l&#8217;intervention, constituant la base du b\u00e2timent et l&#8217;emplacement du chemin pi\u00e9tonnier qui m\u00e8ne \u00e0 l&#8217;\u00e9cole et relie les terrains de sport via une rampe.<\/p><p>Les trois c\u00f4t\u00e9s restants du podium sont souterrains et abritent les locaux techniques et de service dans une structure de <a href=\"https:\/\/drytech.ch\/fr\/cuve-blanche-drytech-etancheite\/\" target=\"_blank\" rel=\"noopener\">Cuve Drytech<\/a> \u00e9tanche.<\/p><p>L&#8217;organisation planim\u00e9trique du b\u00e2timent interpr\u00e8te les indications fonctionnelles relatives aux b\u00e2timents scolaires, dans le but d&#8217;optimiser les espaces de circulation, de r\u00e9duire au minimum la distribution et de supprimer les couloirs.<\/p><p>La composition abstraite du volume est cependant adoucie par l&#8217;introduction de certains \u00e9l\u00e9ments en quelque sorte \u00e9trangers \u00e0 cette monumentalit\u00e9 compos\u00e9e, qui font allusion aux anciens bastions caract\u00e9risant leur expression formelle.<\/p><p>M\u00eame si la touche finale de tendresse \u00e0 l&#8217;\u00e9cole maternelle de Torricella-Taverne est donn\u00e9e par la rang\u00e9e de petits scooters color\u00e9s gar\u00e9s sous la loggia.<\/p><p><span style=\"color: #fa4616;\">Project:<\/span> Celoria Architects, Balerna<\/p><p><span style=\"color: #fa4616;\">Structure:<\/span> Brenni ing\u00e9nierie SA, Mendrisio<\/p><p><span style=\"color: #fa4616;\">Construction:<\/span> CSC SA, Lugano<\/p>\t\t\t\t\t\t\t\t<\/div>\n\t\t\t\t<\/div>\n\t\t\t\t\t<\/div>\n\t\t<\/div>\n\t\t\t\t\t<\/div>\n\t\t<\/section>\n\t\t\t\t<\/div>\n\t\t","protected":false},"excerpt":{"rendered":"<p>\u00c9cole maternelle, Torricella<\/p>\n","protected":false},"author":2,"featured_media":47685,"comment_status":"closed","ping_status":"closed","sticky":false,"template":"","format":"standard","meta":{"footnotes":""},"categories":[415,416,414],"tags":[422,423,424,428,1050,1076,1077,1078,1079,1081,1082],"class_list":["post-47682","post","type-post","status-publish","format-standard","has-post-thumbnail","hentry","category-sotterranei-fr","category-svizzera-fr","category-regione-fr","tag-drytech-ticino-fr","tag-engineering-fr","tag-impermeabilizzazione-fr","tag-vasca-drytech-fr","tag-souterrain","tag-cuve-drytech","tag-etancheite","tag-cuve-blanche","tag-brenni-engineering","tag-csc-fr","tag-celoria-architects"],"yoast_head":"<!-- This site is optimized with the Yoast SEO plugin v27.2 - https:\/\/yoast.com\/product\/yoast-seo-wordpress\/ -->\n<title>\u00e9tanch\u00e9it\u00e9 podium partiellement enterr\u00e9 - Drytech<\/title>\n<meta name=\"description\" content=\"L&#039;\u00e9tanch\u00e9it\u00e9 du podium partiellement enterr\u00e9 de l&#039;\u00e9cole Torricella-Taverne est r\u00e9alis\u00e9e avec un Cuve Drytech.\" \/>\n<meta name=\"robots\" content=\"index, follow, max-snippet:-1, max-image-preview:large, max-video-preview:-1\" \/>\n<link rel=\"canonical\" href=\"https:\/\/drytech.ch\/fr\/ecole-maternelle-torricella-taverne\/\" \/>\n<meta property=\"og:locale\" content=\"fr_FR\" \/>\n<meta property=\"og:type\" content=\"article\" \/>\n<meta property=\"og:title\" content=\"\u00e9tanch\u00e9it\u00e9 podium partiellement enterr\u00e9 - Drytech\" \/>\n<meta property=\"og:description\" content=\"L&#039;\u00e9tanch\u00e9it\u00e9 du podium partiellement enterr\u00e9 de l&#039;\u00e9cole Torricella-Taverne est r\u00e9alis\u00e9e avec un Cuve Drytech.\" \/>\n<meta property=\"og:url\" content=\"https:\/\/drytech.ch\/fr\/ecole-maternelle-torricella-taverne\/\" \/>\n<meta property=\"og:site_name\" content=\"Drytech\" \/>\n<meta property=\"article:published_time\" content=\"2023-12-20T08:54:17+00:00\" \/>\n<meta property=\"article:modified_time\" content=\"2025-05-08T14:53:08+00:00\" \/>\n<meta property=\"og:image\" content=\"https:\/\/drytech.ch\/wp-content\/uploads\/2023\/12\/torricellaSCUOLA_01.jpg\" \/>\n\t<meta property=\"og:image:width\" content=\"1000\" \/>\n\t<meta property=\"og:image:height\" content=\"667\" \/>\n\t<meta property=\"og:image:type\" content=\"image\/jpeg\" \/>\n<meta name=\"author\" content=\"Luca Negri\" \/>\n<meta name=\"twitter:card\" content=\"summary_large_image\" \/>\n<meta name=\"twitter:label1\" content=\"\u00c9crit par\" \/>\n\t<meta name=\"twitter:data1\" content=\"Luca Negri\" \/>\n\t<meta name=\"twitter:label2\" content=\"Dur\u00e9e de lecture estim\u00e9e\" \/>\n\t<meta name=\"twitter:data2\" content=\"2 minutes\" \/>\n<script type=\"application\/ld+json\" class=\"yoast-schema-graph\">{\"@context\":\"https:\/\/schema.org\",\"@graph\":[{\"@type\":\"Article\",\"@id\":\"https:\/\/drytech.ch\/fr\/ecole-maternelle-torricella-taverne\/#article\",\"isPartOf\":{\"@id\":\"https:\/\/drytech.ch\/fr\/ecole-maternelle-torricella-taverne\/\"},\"author\":{\"name\":\"Luca Negri\",\"@id\":\"https:\/\/drytech.ch\/fr\/#\/schema\/person\/f3985c453cb5c78debb74f0e7c5b1051\"},\"headline\":\"\u00e9tanch\u00e9it\u00e9 podium partiellement enterr\u00e9\",\"datePublished\":\"2023-12-20T08:54:17+00:00\",\"dateModified\":\"2025-05-08T14:53:08+00:00\",\"mainEntityOfPage\":{\"@id\":\"https:\/\/drytech.ch\/fr\/ecole-maternelle-torricella-taverne\/\"},\"wordCount\":268,\"publisher\":{\"@id\":\"https:\/\/drytech.ch\/fr\/#organization\"},\"image\":{\"@id\":\"https:\/\/drytech.ch\/fr\/ecole-maternelle-torricella-taverne\/#primaryimage\"},\"thumbnailUrl\":\"https:\/\/drytech.ch\/wp-content\/uploads\/2023\/12\/torricellaSCUOLA_01.jpg\",\"keywords\":[\"Drytech Ticino\",\"Engineering\",\"impermeabilizzazione\",\"vasca drytech\",\"souterrain\",\"Cuve Drytech\",\"\u00c9tanch\u00e9it\u00e9\",\"Cuve blanche\",\"Brenni Engineering\",\"csc\",\"Celoria Architects\"],\"articleSection\":[\"Sous-sols\",\"Suisse\",\"R\u00e9gion\"],\"inLanguage\":\"fr-FR\"},{\"@type\":\"WebPage\",\"@id\":\"https:\/\/drytech.ch\/fr\/ecole-maternelle-torricella-taverne\/\",\"url\":\"https:\/\/drytech.ch\/fr\/ecole-maternelle-torricella-taverne\/\",\"name\":\"\u00e9tanch\u00e9it\u00e9 podium partiellement enterr\u00e9 - Drytech\",\"isPartOf\":{\"@id\":\"https:\/\/drytech.ch\/fr\/#website\"},\"primaryImageOfPage\":{\"@id\":\"https:\/\/drytech.ch\/fr\/ecole-maternelle-torricella-taverne\/#primaryimage\"},\"image\":{\"@id\":\"https:\/\/drytech.ch\/fr\/ecole-maternelle-torricella-taverne\/#primaryimage\"},\"thumbnailUrl\":\"https:\/\/drytech.ch\/wp-content\/uploads\/2023\/12\/torricellaSCUOLA_01.jpg\",\"datePublished\":\"2023-12-20T08:54:17+00:00\",\"dateModified\":\"2025-05-08T14:53:08+00:00\",\"description\":\"L'\u00e9tanch\u00e9it\u00e9 du podium partiellement enterr\u00e9 de l'\u00e9cole Torricella-Taverne est r\u00e9alis\u00e9e avec un Cuve Drytech.\",\"breadcrumb\":{\"@id\":\"https:\/\/drytech.ch\/fr\/ecole-maternelle-torricella-taverne\/#breadcrumb\"},\"inLanguage\":\"fr-FR\",\"potentialAction\":[{\"@type\":\"ReadAction\",\"target\":[\"https:\/\/drytech.ch\/fr\/ecole-maternelle-torricella-taverne\/\"]}]},{\"@type\":\"ImageObject\",\"inLanguage\":\"fr-FR\",\"@id\":\"https:\/\/drytech.ch\/fr\/ecole-maternelle-torricella-taverne\/#primaryimage\",\"url\":\"https:\/\/drytech.ch\/wp-content\/uploads\/2023\/12\/torricellaSCUOLA_01.jpg\",\"contentUrl\":\"https:\/\/drytech.ch\/wp-content\/uploads\/2023\/12\/torricellaSCUOLA_01.jpg\",\"width\":1000,\"height\":667,\"caption\":\"Un d\u00e9tail architectural qui rappelle les cr\u00e9neaux des anciens remparts de la ville et qui rompt la monumentalit\u00e9 du b\u00e2timent.\"},{\"@type\":\"BreadcrumbList\",\"@id\":\"https:\/\/drytech.ch\/fr\/ecole-maternelle-torricella-taverne\/#breadcrumb\",\"itemListElement\":[{\"@type\":\"ListItem\",\"position\":1,\"name\":\"Home\",\"item\":\"https:\/\/drytech.ch\/fr\/\"},{\"@type\":\"ListItem\",\"position\":2,\"name\":\"\u00e9tanch\u00e9it\u00e9 podium partiellement enterr\u00e9\"}]},{\"@type\":\"WebSite\",\"@id\":\"https:\/\/drytech.ch\/fr\/#website\",\"url\":\"https:\/\/drytech.ch\/fr\/\",\"name\":\"Drytech\",\"description\":\"Costruzioni Impermeabili\",\"publisher\":{\"@id\":\"https:\/\/drytech.ch\/fr\/#organization\"},\"alternateName\":\"waterproofing\",\"potentialAction\":[{\"@type\":\"SearchAction\",\"target\":{\"@type\":\"EntryPoint\",\"urlTemplate\":\"https:\/\/drytech.ch\/fr\/?s={search_term_string}\"},\"query-input\":{\"@type\":\"PropertyValueSpecification\",\"valueRequired\":true,\"valueName\":\"search_term_string\"}}],\"inLanguage\":\"fr-FR\"},{\"@type\":\"Organization\",\"@id\":\"https:\/\/drytech.ch\/fr\/#organization\",\"name\":\"Drytech\",\"url\":\"https:\/\/drytech.ch\/fr\/\",\"logo\":{\"@type\":\"ImageObject\",\"inLanguage\":\"fr-FR\",\"@id\":\"https:\/\/drytech.ch\/fr\/#\/schema\/logo\/image\/\",\"url\":\"https:\/\/drytech.ch\/wp-content\/uploads\/2020\/05\/drytech-logo-retina.png\",\"contentUrl\":\"https:\/\/drytech.ch\/wp-content\/uploads\/2020\/05\/drytech-logo-retina.png\",\"width\":839,\"height\":149,\"caption\":\"Drytech\"},\"image\":{\"@id\":\"https:\/\/drytech.ch\/fr\/#\/schema\/logo\/image\/\"}},{\"@type\":\"Person\",\"@id\":\"https:\/\/drytech.ch\/fr\/#\/schema\/person\/f3985c453cb5c78debb74f0e7c5b1051\",\"name\":\"Luca Negri\",\"image\":{\"@type\":\"ImageObject\",\"inLanguage\":\"fr-FR\",\"@id\":\"https:\/\/secure.gravatar.com\/avatar\/c7a2032c713ed643eb01ca9eaba319363c8cae625225983b5dbbabeace1f6efa?s=96&d=mm&r=g\",\"url\":\"https:\/\/secure.gravatar.com\/avatar\/c7a2032c713ed643eb01ca9eaba319363c8cae625225983b5dbbabeace1f6efa?s=96&d=mm&r=g\",\"contentUrl\":\"https:\/\/secure.gravatar.com\/avatar\/c7a2032c713ed643eb01ca9eaba319363c8cae625225983b5dbbabeace1f6efa?s=96&d=mm&r=g\",\"caption\":\"Luca Negri\"},\"url\":\"https:\/\/drytech.ch\/fr\/author\/negri\/\"}]}<\/script>\n<!-- \/ Yoast SEO plugin. -->","yoast_head_json":{"title":"\u00e9tanch\u00e9it\u00e9 podium partiellement enterr\u00e9 - Drytech","description":"L'\u00e9tanch\u00e9it\u00e9 du podium partiellement enterr\u00e9 de l'\u00e9cole Torricella-Taverne est r\u00e9alis\u00e9e avec un Cuve Drytech.","robots":{"index":"index","follow":"follow","max-snippet":"max-snippet:-1","max-image-preview":"max-image-preview:large","max-video-preview":"max-video-preview:-1"},"canonical":"https:\/\/drytech.ch\/fr\/ecole-maternelle-torricella-taverne\/","og_locale":"fr_FR","og_type":"article","og_title":"\u00e9tanch\u00e9it\u00e9 podium partiellement enterr\u00e9 - Drytech","og_description":"L'\u00e9tanch\u00e9it\u00e9 du podium partiellement enterr\u00e9 de l'\u00e9cole Torricella-Taverne est r\u00e9alis\u00e9e avec un Cuve Drytech.","og_url":"https:\/\/drytech.ch\/fr\/ecole-maternelle-torricella-taverne\/","og_site_name":"Drytech","article_published_time":"2023-12-20T08:54:17+00:00","article_modified_time":"2025-05-08T14:53:08+00:00","og_image":[{"width":1000,"height":667,"url":"https:\/\/drytech.ch\/wp-content\/uploads\/2023\/12\/torricellaSCUOLA_01.jpg","type":"image\/jpeg"}],"author":"Luca Negri","twitter_card":"summary_large_image","twitter_misc":{"\u00c9crit par":"Luca Negri","Dur\u00e9e de lecture estim\u00e9e":"2 minutes"},"schema":{"@context":"https:\/\/schema.org","@graph":[{"@type":"Article","@id":"https:\/\/drytech.ch\/fr\/ecole-maternelle-torricella-taverne\/#article","isPartOf":{"@id":"https:\/\/drytech.ch\/fr\/ecole-maternelle-torricella-taverne\/"},"author":{"name":"Luca Negri","@id":"https:\/\/drytech.ch\/fr\/#\/schema\/person\/f3985c453cb5c78debb74f0e7c5b1051"},"headline":"\u00e9tanch\u00e9it\u00e9 podium partiellement enterr\u00e9","datePublished":"2023-12-20T08:54:17+00:00","dateModified":"2025-05-08T14:53:08+00:00","mainEntityOfPage":{"@id":"https:\/\/drytech.ch\/fr\/ecole-maternelle-torricella-taverne\/"},"wordCount":268,"publisher":{"@id":"https:\/\/drytech.ch\/fr\/#organization"},"image":{"@id":"https:\/\/drytech.ch\/fr\/ecole-maternelle-torricella-taverne\/#primaryimage"},"thumbnailUrl":"https:\/\/drytech.ch\/wp-content\/uploads\/2023\/12\/torricellaSCUOLA_01.jpg","keywords":["Drytech Ticino","Engineering","impermeabilizzazione","vasca drytech","souterrain","Cuve Drytech","\u00c9tanch\u00e9it\u00e9","Cuve blanche","Brenni Engineering","csc","Celoria Architects"],"articleSection":["Sous-sols","Suisse","R\u00e9gion"],"inLanguage":"fr-FR"},{"@type":"WebPage","@id":"https:\/\/drytech.ch\/fr\/ecole-maternelle-torricella-taverne\/","url":"https:\/\/drytech.ch\/fr\/ecole-maternelle-torricella-taverne\/","name":"\u00e9tanch\u00e9it\u00e9 podium partiellement enterr\u00e9 - Drytech","isPartOf":{"@id":"https:\/\/drytech.ch\/fr\/#website"},"primaryImageOfPage":{"@id":"https:\/\/drytech.ch\/fr\/ecole-maternelle-torricella-taverne\/#primaryimage"},"image":{"@id":"https:\/\/drytech.ch\/fr\/ecole-maternelle-torricella-taverne\/#primaryimage"},"thumbnailUrl":"https:\/\/drytech.ch\/wp-content\/uploads\/2023\/12\/torricellaSCUOLA_01.jpg","datePublished":"2023-12-20T08:54:17+00:00","dateModified":"2025-05-08T14:53:08+00:00","description":"L'\u00e9tanch\u00e9it\u00e9 du podium partiellement enterr\u00e9 de l'\u00e9cole Torricella-Taverne est r\u00e9alis\u00e9e avec un Cuve Drytech.","breadcrumb":{"@id":"https:\/\/drytech.ch\/fr\/ecole-maternelle-torricella-taverne\/#breadcrumb"},"inLanguage":"fr-FR","potentialAction":[{"@type":"ReadAction","target":["https:\/\/drytech.ch\/fr\/ecole-maternelle-torricella-taverne\/"]}]},{"@type":"ImageObject","inLanguage":"fr-FR","@id":"https:\/\/drytech.ch\/fr\/ecole-maternelle-torricella-taverne\/#primaryimage","url":"https:\/\/drytech.ch\/wp-content\/uploads\/2023\/12\/torricellaSCUOLA_01.jpg","contentUrl":"https:\/\/drytech.ch\/wp-content\/uploads\/2023\/12\/torricellaSCUOLA_01.jpg","width":1000,"height":667,"caption":"Un d\u00e9tail architectural qui rappelle les cr\u00e9neaux des anciens remparts de la ville et qui rompt la monumentalit\u00e9 du b\u00e2timent."},{"@type":"BreadcrumbList","@id":"https:\/\/drytech.ch\/fr\/ecole-maternelle-torricella-taverne\/#breadcrumb","itemListElement":[{"@type":"ListItem","position":1,"name":"Home","item":"https:\/\/drytech.ch\/fr\/"},{"@type":"ListItem","position":2,"name":"\u00e9tanch\u00e9it\u00e9 podium partiellement enterr\u00e9"}]},{"@type":"WebSite","@id":"https:\/\/drytech.ch\/fr\/#website","url":"https:\/\/drytech.ch\/fr\/","name":"Drytech","description":"Costruzioni Impermeabili","publisher":{"@id":"https:\/\/drytech.ch\/fr\/#organization"},"alternateName":"waterproofing","potentialAction":[{"@type":"SearchAction","target":{"@type":"EntryPoint","urlTemplate":"https:\/\/drytech.ch\/fr\/?s={search_term_string}"},"query-input":{"@type":"PropertyValueSpecification","valueRequired":true,"valueName":"search_term_string"}}],"inLanguage":"fr-FR"},{"@type":"Organization","@id":"https:\/\/drytech.ch\/fr\/#organization","name":"Drytech","url":"https:\/\/drytech.ch\/fr\/","logo":{"@type":"ImageObject","inLanguage":"fr-FR","@id":"https:\/\/drytech.ch\/fr\/#\/schema\/logo\/image\/","url":"https:\/\/drytech.ch\/wp-content\/uploads\/2020\/05\/drytech-logo-retina.png","contentUrl":"https:\/\/drytech.ch\/wp-content\/uploads\/2020\/05\/drytech-logo-retina.png","width":839,"height":149,"caption":"Drytech"},"image":{"@id":"https:\/\/drytech.ch\/fr\/#\/schema\/logo\/image\/"}},{"@type":"Person","@id":"https:\/\/drytech.ch\/fr\/#\/schema\/person\/f3985c453cb5c78debb74f0e7c5b1051","name":"Luca Negri","image":{"@type":"ImageObject","inLanguage":"fr-FR","@id":"https:\/\/secure.gravatar.com\/avatar\/c7a2032c713ed643eb01ca9eaba319363c8cae625225983b5dbbabeace1f6efa?s=96&d=mm&r=g","url":"https:\/\/secure.gravatar.com\/avatar\/c7a2032c713ed643eb01ca9eaba319363c8cae625225983b5dbbabeace1f6efa?s=96&d=mm&r=g","contentUrl":"https:\/\/secure.gravatar.com\/avatar\/c7a2032c713ed643eb01ca9eaba319363c8cae625225983b5dbbabeace1f6efa?s=96&d=mm&r=g","caption":"Luca Negri"},"url":"https:\/\/drytech.ch\/fr\/author\/negri\/"}]}},"_links":{"self":[{"href":"https:\/\/drytech.ch\/fr\/wp-json\/wp\/v2\/posts\/47682","targetHints":{"allow":["GET"]}}],"collection":[{"href":"https:\/\/drytech.ch\/fr\/wp-json\/wp\/v2\/posts"}],"about":[{"href":"https:\/\/drytech.ch\/fr\/wp-json\/wp\/v2\/types\/post"}],"author":[{"embeddable":true,"href":"https:\/\/drytech.ch\/fr\/wp-json\/wp\/v2\/users\/2"}],"replies":[{"embeddable":true,"href":"https:\/\/drytech.ch\/fr\/wp-json\/wp\/v2\/comments?post=47682"}],"version-history":[{"count":39,"href":"https:\/\/drytech.ch\/fr\/wp-json\/wp\/v2\/posts\/47682\/revisions"}],"predecessor-version":[{"id":60412,"href":"https:\/\/drytech.ch\/fr\/wp-json\/wp\/v2\/posts\/47682\/revisions\/60412"}],"wp:featuredmedia":[{"embeddable":true,"href":"https:\/\/drytech.ch\/fr\/wp-json\/wp\/v2\/media\/47685"}],"wp:attachment":[{"href":"https:\/\/drytech.ch\/fr\/wp-json\/wp\/v2\/media?parent=47682"}],"wp:term":[{"taxonomy":"category","embeddable":true,"href":"https:\/\/drytech.ch\/fr\/wp-json\/wp\/v2\/categories?post=47682"},{"taxonomy":"post_tag","embeddable":true,"href":"https:\/\/drytech.ch\/fr\/wp-json\/wp\/v2\/tags?post=47682"}],"curies":[{"name":"wp","href":"https:\/\/api.w.org\/{rel}","templated":true}]}}