{"id":47680,"date":"2023-12-20T09:54:17","date_gmt":"2023-12-20T08:54:17","guid":{"rendered":"https:\/\/drytech.ch\/?p=47680"},"modified":"2025-03-18T16:09:58","modified_gmt":"2025-03-18T15:09:58","slug":"des-kindergartens-torricella-taverne","status":"publish","type":"post","link":"https:\/\/drytech.ch\/de\/des-kindergartens-torricella-taverne\/","title":{"rendered":"Abdichtung teilweise vergrabenen Podiums"},"content":{"rendered":"\t\t<div data-elementor-type=\"wp-post\" data-elementor-id=\"47680\" class=\"elementor elementor-47680 elementor-47679\" data-elementor-settings=\"{&quot;ha_cmc_init_switcher&quot;:&quot;no&quot;}\">\n\t\t\t\t\t\t<section class=\"elementor-section elementor-top-section elementor-element elementor-element-a8c951f elementor-section-boxed elementor-section-height-default elementor-section-height-default\" data-id=\"a8c951f\" data-element_type=\"section\" data-e-type=\"section\" data-settings=\"{&quot;_ha_eqh_enable&quot;:false}\">\n\t\t\t\t\t\t<div class=\"elementor-container elementor-column-gap-default\">\n\t\t\t\t\t<div class=\"elementor-column elementor-col-100 elementor-top-column elementor-element elementor-element-55828262\" data-id=\"55828262\" data-element_type=\"column\" data-e-type=\"column\">\n\t\t\t<div class=\"elementor-widget-wrap elementor-element-populated\">\n\t\t\t\t\t\t<div class=\"elementor-element elementor-element-97c8d78 elementor-widget elementor-widget-text-editor\" data-id=\"97c8d78\" data-element_type=\"widget\" data-e-type=\"widget\" data-widget_type=\"text-editor.default\">\n\t\t\t\t<div class=\"elementor-widget-container\">\n\t\t\t\t\t\t\t\t\t<p>Die Abdichtung des teilweise vergrabenen Podiums der Torricella-Taverne-Schule erfolgt mit einem Drytech-Wanne.<br \/><br \/>Der Bau des Kindergartens Torricella-Taverne ist Teil der umfassenden Neuordnung eines Gebiets, in dem der Bau verschiedener \u00f6ffentlicher, schulischer und sportlicher Einrichtungen geplant ist.<\/p><p>Das Studio Celoria Architects hat den Zwang, den eine bestehende Wand darstellt, in eine Ressource \u00fcbersetzt, die durch die Ber\u00fchrung der einzelnen in der Umgebung vorhandenen Elemente deren gegenseitige Beziehungen definiert.<\/p><p>Tats\u00e4chlich ist die Mauer zum Hauptgegenstand der Intervention geworden, denn sie bildet die Basis des Geb\u00e4udes und den Ort des Fu\u00dfg\u00e4ngerwegs, der zur Schule f\u00fchrt und \u00fcber eine Rampe mit den Sportpl\u00e4tzen verbunden ist.<\/p><p>Die drei \u00fcbrigen Seiten des Podiums liegen unter der Erde und beherbergen die Technik- und Servicer\u00e4ume in einer wasserdichten <a href=\"https:\/\/drytech.ch\/de\/drytech-weisse-wanne-abdichtung\/\" target=\"_blank\" rel=\"noopener\">Drytech-Wannestruktur<\/a>.<\/p><p>Die planimetrische Organisation des Geb\u00e4udes interpretiert die funktionalen Vorgaben von Schulgeb\u00e4uden mit dem Ziel, die Verkehrsfl\u00e4chen zu optimieren, die Verteilung auf ein Minimum zu reduzieren und Flure zu eliminieren.<\/p><p>Die abstrakte Komposition des Bandes wird jedoch durch die Einf\u00fchrung einiger Elemente gemildert, die irgendwie au\u00dferhalb dieser komponierten Monumentalit\u00e4t liegen und auf antike Bastionen verweisen, die ihren formalen Ausdruck charakterisieren.<\/p><p>Auch wenn die Reihe der kleinen bunten Motorroller, die unter der Loggia geparkt sind, dem Kindergarten Taverne-Torricella den entscheidenden Hauch von Z\u00e4rtlichkeit verleiht.<\/p><p><span style=\"color: #fa4616;\">Projekt:<\/span> Celoria Architects, Balerna<\/p><p><span style=\"color: #fa4616;\">Struktur:<\/span> Brenni Engineering SA, Mendrisio<\/p><p><span style=\"color: #fa4616;\">Bau:<\/span> CSC SA, Lugano<\/p>\t\t\t\t\t\t\t\t<\/div>\n\t\t\t\t<\/div>\n\t\t\t\t\t<\/div>\n\t\t<\/div>\n\t\t\t\t\t<\/div>\n\t\t<\/section>\n\t\t\t\t<\/div>\n\t\t","protected":false},"excerpt":{"rendered":"<p>Kindergartens, Torricella<\/p>\n","protected":false},"author":2,"featured_media":47686,"comment_status":"closed","ping_status":"closed","sticky":false,"template":"","format":"standard","meta":{"footnotes":""},"categories":[300,301,299],"tags":[307,308,309,313,1055,1061,1083,1084,1085,1086],"class_list":["post-47680","post","type-post","status-publish","format-standard","has-post-thumbnail","hentry","category-sotterranei-de","category-svizzera-de","category-regione-de","tag-drytech-ticino-de","tag-engineering-de","tag-impermeabilizzazione-de","tag-vasca-drytech-de","tag-untergeschoss","tag-weisse-wanne","tag-schule","tag-celoria-architects-de","tag-brenni-engineering-de","tag-csc-de"],"yoast_head":"<!-- This site is optimized with the Yoast SEO plugin v27.2 - https:\/\/yoast.com\/product\/yoast-seo-wordpress\/ -->\n<title>Abdichtung teilweise vergrabenen Podiums - Drytech<\/title>\n<meta name=\"description\" content=\"Die Abdichtung des teilweise vergrabenen Podiums der Torricella-Taverne-Schule erfolgt mit einem Drytech-Wanne.\" \/>\n<meta name=\"robots\" content=\"index, follow, max-snippet:-1, max-image-preview:large, max-video-preview:-1\" \/>\n<link rel=\"canonical\" href=\"https:\/\/drytech.ch\/de\/des-kindergartens-torricella-taverne\/\" \/>\n<meta property=\"og:locale\" content=\"de_DE\" \/>\n<meta property=\"og:type\" content=\"article\" \/>\n<meta property=\"og:title\" content=\"Abdichtung teilweise vergrabenen Podiums - Drytech\" \/>\n<meta property=\"og:description\" content=\"Die Abdichtung des teilweise vergrabenen Podiums der Torricella-Taverne-Schule erfolgt mit einem Drytech-Wanne.\" \/>\n<meta property=\"og:url\" content=\"https:\/\/drytech.ch\/de\/des-kindergartens-torricella-taverne\/\" \/>\n<meta property=\"og:site_name\" content=\"Drytech\" \/>\n<meta property=\"article:published_time\" content=\"2023-12-20T08:54:17+00:00\" \/>\n<meta property=\"article:modified_time\" content=\"2025-03-18T15:09:58+00:00\" \/>\n<meta property=\"og:image\" content=\"https:\/\/drytech.ch\/wp-content\/uploads\/2023\/12\/torricellaSCUOLA_01.jpg\" \/>\n\t<meta property=\"og:image:width\" content=\"1000\" \/>\n\t<meta property=\"og:image:height\" content=\"667\" \/>\n\t<meta property=\"og:image:type\" content=\"image\/jpeg\" \/>\n<meta name=\"author\" content=\"Luca Negri\" \/>\n<meta name=\"twitter:card\" content=\"summary_large_image\" \/>\n<meta name=\"twitter:label1\" content=\"Verfasst von\" \/>\n\t<meta name=\"twitter:data1\" content=\"Luca Negri\" \/>\n\t<meta name=\"twitter:label2\" content=\"Gesch\u00e4tzte Lesezeit\" \/>\n\t<meta name=\"twitter:data2\" content=\"2\u00a0Minuten\" \/>\n<script type=\"application\/ld+json\" class=\"yoast-schema-graph\">{\"@context\":\"https:\/\/schema.org\",\"@graph\":[{\"@type\":\"Article\",\"@id\":\"https:\/\/drytech.ch\/de\/des-kindergartens-torricella-taverne\/#article\",\"isPartOf\":{\"@id\":\"https:\/\/drytech.ch\/de\/des-kindergartens-torricella-taverne\/\"},\"author\":{\"name\":\"Luca Negri\",\"@id\":\"https:\/\/drytech.ch\/de\/#\/schema\/person\/f3985c453cb5c78debb74f0e7c5b1051\"},\"headline\":\"Abdichtung teilweise vergrabenen Podiums\",\"datePublished\":\"2023-12-20T08:54:17+00:00\",\"dateModified\":\"2025-03-18T15:09:58+00:00\",\"mainEntityOfPage\":{\"@id\":\"https:\/\/drytech.ch\/de\/des-kindergartens-torricella-taverne\/\"},\"wordCount\":235,\"publisher\":{\"@id\":\"https:\/\/drytech.ch\/de\/#organization\"},\"image\":{\"@id\":\"https:\/\/drytech.ch\/de\/des-kindergartens-torricella-taverne\/#primaryimage\"},\"thumbnailUrl\":\"https:\/\/drytech.ch\/wp-content\/uploads\/2023\/12\/torricellaSCUOLA_01.jpg\",\"keywords\":[\"Drytech Ticino\",\"Engineering\",\"impermeabilizzazione\",\"vasca drytech\",\"Untergeschoss\",\"Wei\u00dfe Wanne\",\"Schule\",\"Celoria Architects\",\"Brenni Engineering\",\"csc\"],\"articleSection\":[\"Untergeschossen\",\"Schweiz\",\"Land\"],\"inLanguage\":\"de\"},{\"@type\":\"WebPage\",\"@id\":\"https:\/\/drytech.ch\/de\/des-kindergartens-torricella-taverne\/\",\"url\":\"https:\/\/drytech.ch\/de\/des-kindergartens-torricella-taverne\/\",\"name\":\"Abdichtung teilweise vergrabenen Podiums - Drytech\",\"isPartOf\":{\"@id\":\"https:\/\/drytech.ch\/de\/#website\"},\"primaryImageOfPage\":{\"@id\":\"https:\/\/drytech.ch\/de\/des-kindergartens-torricella-taverne\/#primaryimage\"},\"image\":{\"@id\":\"https:\/\/drytech.ch\/de\/des-kindergartens-torricella-taverne\/#primaryimage\"},\"thumbnailUrl\":\"https:\/\/drytech.ch\/wp-content\/uploads\/2023\/12\/torricellaSCUOLA_01.jpg\",\"datePublished\":\"2023-12-20T08:54:17+00:00\",\"dateModified\":\"2025-03-18T15:09:58+00:00\",\"description\":\"Die Abdichtung des teilweise vergrabenen Podiums der Torricella-Taverne-Schule erfolgt mit einem Drytech-Wanne.\",\"breadcrumb\":{\"@id\":\"https:\/\/drytech.ch\/de\/des-kindergartens-torricella-taverne\/#breadcrumb\"},\"inLanguage\":\"de\",\"potentialAction\":[{\"@type\":\"ReadAction\",\"target\":[\"https:\/\/drytech.ch\/de\/des-kindergartens-torricella-taverne\/\"]}]},{\"@type\":\"ImageObject\",\"inLanguage\":\"de\",\"@id\":\"https:\/\/drytech.ch\/de\/des-kindergartens-torricella-taverne\/#primaryimage\",\"url\":\"https:\/\/drytech.ch\/wp-content\/uploads\/2023\/12\/torricellaSCUOLA_01.jpg\",\"contentUrl\":\"https:\/\/drytech.ch\/wp-content\/uploads\/2023\/12\/torricellaSCUOLA_01.jpg\",\"width\":1000,\"height\":667,\"caption\":\"Ein architektonisches Detail, das auf die Zinnen der alten Stadtmauern anspielt und die komponierte Monumentalit\u00e4t des Geb\u00e4udes aufbricht.\"},{\"@type\":\"BreadcrumbList\",\"@id\":\"https:\/\/drytech.ch\/de\/des-kindergartens-torricella-taverne\/#breadcrumb\",\"itemListElement\":[{\"@type\":\"ListItem\",\"position\":1,\"name\":\"Home\",\"item\":\"https:\/\/drytech.ch\/de\/\"},{\"@type\":\"ListItem\",\"position\":2,\"name\":\"Abdichtung teilweise vergrabenen Podiums\"}]},{\"@type\":\"WebSite\",\"@id\":\"https:\/\/drytech.ch\/de\/#website\",\"url\":\"https:\/\/drytech.ch\/de\/\",\"name\":\"Drytech\",\"description\":\"Costruzioni Impermeabili\",\"publisher\":{\"@id\":\"https:\/\/drytech.ch\/de\/#organization\"},\"alternateName\":\"waterproofing\",\"potentialAction\":[{\"@type\":\"SearchAction\",\"target\":{\"@type\":\"EntryPoint\",\"urlTemplate\":\"https:\/\/drytech.ch\/de\/?s={search_term_string}\"},\"query-input\":{\"@type\":\"PropertyValueSpecification\",\"valueRequired\":true,\"valueName\":\"search_term_string\"}}],\"inLanguage\":\"de\"},{\"@type\":\"Organization\",\"@id\":\"https:\/\/drytech.ch\/de\/#organization\",\"name\":\"Drytech\",\"url\":\"https:\/\/drytech.ch\/de\/\",\"logo\":{\"@type\":\"ImageObject\",\"inLanguage\":\"de\",\"@id\":\"https:\/\/drytech.ch\/de\/#\/schema\/logo\/image\/\",\"url\":\"https:\/\/drytech.ch\/wp-content\/uploads\/2020\/05\/drytech-logo-retina.png\",\"contentUrl\":\"https:\/\/drytech.ch\/wp-content\/uploads\/2020\/05\/drytech-logo-retina.png\",\"width\":839,\"height\":149,\"caption\":\"Drytech\"},\"image\":{\"@id\":\"https:\/\/drytech.ch\/de\/#\/schema\/logo\/image\/\"}},{\"@type\":\"Person\",\"@id\":\"https:\/\/drytech.ch\/de\/#\/schema\/person\/f3985c453cb5c78debb74f0e7c5b1051\",\"name\":\"Luca Negri\",\"image\":{\"@type\":\"ImageObject\",\"inLanguage\":\"de\",\"@id\":\"https:\/\/secure.gravatar.com\/avatar\/c7a2032c713ed643eb01ca9eaba319363c8cae625225983b5dbbabeace1f6efa?s=96&d=mm&r=g\",\"url\":\"https:\/\/secure.gravatar.com\/avatar\/c7a2032c713ed643eb01ca9eaba319363c8cae625225983b5dbbabeace1f6efa?s=96&d=mm&r=g\",\"contentUrl\":\"https:\/\/secure.gravatar.com\/avatar\/c7a2032c713ed643eb01ca9eaba319363c8cae625225983b5dbbabeace1f6efa?s=96&d=mm&r=g\",\"caption\":\"Luca Negri\"},\"url\":\"https:\/\/drytech.ch\/de\/author\/negri\/\"}]}<\/script>\n<!-- \/ Yoast SEO plugin. -->","yoast_head_json":{"title":"Abdichtung teilweise vergrabenen Podiums - Drytech","description":"Die Abdichtung des teilweise vergrabenen Podiums der Torricella-Taverne-Schule erfolgt mit einem Drytech-Wanne.","robots":{"index":"index","follow":"follow","max-snippet":"max-snippet:-1","max-image-preview":"max-image-preview:large","max-video-preview":"max-video-preview:-1"},"canonical":"https:\/\/drytech.ch\/de\/des-kindergartens-torricella-taverne\/","og_locale":"de_DE","og_type":"article","og_title":"Abdichtung teilweise vergrabenen Podiums - Drytech","og_description":"Die Abdichtung des teilweise vergrabenen Podiums der Torricella-Taverne-Schule erfolgt mit einem Drytech-Wanne.","og_url":"https:\/\/drytech.ch\/de\/des-kindergartens-torricella-taverne\/","og_site_name":"Drytech","article_published_time":"2023-12-20T08:54:17+00:00","article_modified_time":"2025-03-18T15:09:58+00:00","og_image":[{"width":1000,"height":667,"url":"https:\/\/drytech.ch\/wp-content\/uploads\/2023\/12\/torricellaSCUOLA_01.jpg","type":"image\/jpeg"}],"author":"Luca Negri","twitter_card":"summary_large_image","twitter_misc":{"Verfasst von":"Luca Negri","Gesch\u00e4tzte Lesezeit":"2\u00a0Minuten"},"schema":{"@context":"https:\/\/schema.org","@graph":[{"@type":"Article","@id":"https:\/\/drytech.ch\/de\/des-kindergartens-torricella-taverne\/#article","isPartOf":{"@id":"https:\/\/drytech.ch\/de\/des-kindergartens-torricella-taverne\/"},"author":{"name":"Luca Negri","@id":"https:\/\/drytech.ch\/de\/#\/schema\/person\/f3985c453cb5c78debb74f0e7c5b1051"},"headline":"Abdichtung teilweise vergrabenen Podiums","datePublished":"2023-12-20T08:54:17+00:00","dateModified":"2025-03-18T15:09:58+00:00","mainEntityOfPage":{"@id":"https:\/\/drytech.ch\/de\/des-kindergartens-torricella-taverne\/"},"wordCount":235,"publisher":{"@id":"https:\/\/drytech.ch\/de\/#organization"},"image":{"@id":"https:\/\/drytech.ch\/de\/des-kindergartens-torricella-taverne\/#primaryimage"},"thumbnailUrl":"https:\/\/drytech.ch\/wp-content\/uploads\/2023\/12\/torricellaSCUOLA_01.jpg","keywords":["Drytech Ticino","Engineering","impermeabilizzazione","vasca drytech","Untergeschoss","Wei\u00dfe Wanne","Schule","Celoria Architects","Brenni Engineering","csc"],"articleSection":["Untergeschossen","Schweiz","Land"],"inLanguage":"de"},{"@type":"WebPage","@id":"https:\/\/drytech.ch\/de\/des-kindergartens-torricella-taverne\/","url":"https:\/\/drytech.ch\/de\/des-kindergartens-torricella-taverne\/","name":"Abdichtung teilweise vergrabenen Podiums - Drytech","isPartOf":{"@id":"https:\/\/drytech.ch\/de\/#website"},"primaryImageOfPage":{"@id":"https:\/\/drytech.ch\/de\/des-kindergartens-torricella-taverne\/#primaryimage"},"image":{"@id":"https:\/\/drytech.ch\/de\/des-kindergartens-torricella-taverne\/#primaryimage"},"thumbnailUrl":"https:\/\/drytech.ch\/wp-content\/uploads\/2023\/12\/torricellaSCUOLA_01.jpg","datePublished":"2023-12-20T08:54:17+00:00","dateModified":"2025-03-18T15:09:58+00:00","description":"Die Abdichtung des teilweise vergrabenen Podiums der Torricella-Taverne-Schule erfolgt mit einem Drytech-Wanne.","breadcrumb":{"@id":"https:\/\/drytech.ch\/de\/des-kindergartens-torricella-taverne\/#breadcrumb"},"inLanguage":"de","potentialAction":[{"@type":"ReadAction","target":["https:\/\/drytech.ch\/de\/des-kindergartens-torricella-taverne\/"]}]},{"@type":"ImageObject","inLanguage":"de","@id":"https:\/\/drytech.ch\/de\/des-kindergartens-torricella-taverne\/#primaryimage","url":"https:\/\/drytech.ch\/wp-content\/uploads\/2023\/12\/torricellaSCUOLA_01.jpg","contentUrl":"https:\/\/drytech.ch\/wp-content\/uploads\/2023\/12\/torricellaSCUOLA_01.jpg","width":1000,"height":667,"caption":"Ein architektonisches Detail, das auf die Zinnen der alten Stadtmauern anspielt und die komponierte Monumentalit\u00e4t des Geb\u00e4udes aufbricht."},{"@type":"BreadcrumbList","@id":"https:\/\/drytech.ch\/de\/des-kindergartens-torricella-taverne\/#breadcrumb","itemListElement":[{"@type":"ListItem","position":1,"name":"Home","item":"https:\/\/drytech.ch\/de\/"},{"@type":"ListItem","position":2,"name":"Abdichtung teilweise vergrabenen Podiums"}]},{"@type":"WebSite","@id":"https:\/\/drytech.ch\/de\/#website","url":"https:\/\/drytech.ch\/de\/","name":"Drytech","description":"Costruzioni Impermeabili","publisher":{"@id":"https:\/\/drytech.ch\/de\/#organization"},"alternateName":"waterproofing","potentialAction":[{"@type":"SearchAction","target":{"@type":"EntryPoint","urlTemplate":"https:\/\/drytech.ch\/de\/?s={search_term_string}"},"query-input":{"@type":"PropertyValueSpecification","valueRequired":true,"valueName":"search_term_string"}}],"inLanguage":"de"},{"@type":"Organization","@id":"https:\/\/drytech.ch\/de\/#organization","name":"Drytech","url":"https:\/\/drytech.ch\/de\/","logo":{"@type":"ImageObject","inLanguage":"de","@id":"https:\/\/drytech.ch\/de\/#\/schema\/logo\/image\/","url":"https:\/\/drytech.ch\/wp-content\/uploads\/2020\/05\/drytech-logo-retina.png","contentUrl":"https:\/\/drytech.ch\/wp-content\/uploads\/2020\/05\/drytech-logo-retina.png","width":839,"height":149,"caption":"Drytech"},"image":{"@id":"https:\/\/drytech.ch\/de\/#\/schema\/logo\/image\/"}},{"@type":"Person","@id":"https:\/\/drytech.ch\/de\/#\/schema\/person\/f3985c453cb5c78debb74f0e7c5b1051","name":"Luca Negri","image":{"@type":"ImageObject","inLanguage":"de","@id":"https:\/\/secure.gravatar.com\/avatar\/c7a2032c713ed643eb01ca9eaba319363c8cae625225983b5dbbabeace1f6efa?s=96&d=mm&r=g","url":"https:\/\/secure.gravatar.com\/avatar\/c7a2032c713ed643eb01ca9eaba319363c8cae625225983b5dbbabeace1f6efa?s=96&d=mm&r=g","contentUrl":"https:\/\/secure.gravatar.com\/avatar\/c7a2032c713ed643eb01ca9eaba319363c8cae625225983b5dbbabeace1f6efa?s=96&d=mm&r=g","caption":"Luca Negri"},"url":"https:\/\/drytech.ch\/de\/author\/negri\/"}]}},"_links":{"self":[{"href":"https:\/\/drytech.ch\/de\/wp-json\/wp\/v2\/posts\/47680","targetHints":{"allow":["GET"]}}],"collection":[{"href":"https:\/\/drytech.ch\/de\/wp-json\/wp\/v2\/posts"}],"about":[{"href":"https:\/\/drytech.ch\/de\/wp-json\/wp\/v2\/types\/post"}],"author":[{"embeddable":true,"href":"https:\/\/drytech.ch\/de\/wp-json\/wp\/v2\/users\/2"}],"replies":[{"embeddable":true,"href":"https:\/\/drytech.ch\/de\/wp-json\/wp\/v2\/comments?post=47680"}],"version-history":[{"count":35,"href":"https:\/\/drytech.ch\/de\/wp-json\/wp\/v2\/posts\/47680\/revisions"}],"predecessor-version":[{"id":57382,"href":"https:\/\/drytech.ch\/de\/wp-json\/wp\/v2\/posts\/47680\/revisions\/57382"}],"wp:featuredmedia":[{"embeddable":true,"href":"https:\/\/drytech.ch\/de\/wp-json\/wp\/v2\/media\/47686"}],"wp:attachment":[{"href":"https:\/\/drytech.ch\/de\/wp-json\/wp\/v2\/media?parent=47680"}],"wp:term":[{"taxonomy":"category","embeddable":true,"href":"https:\/\/drytech.ch\/de\/wp-json\/wp\/v2\/categories?post=47680"},{"taxonomy":"post_tag","embeddable":true,"href":"https:\/\/drytech.ch\/de\/wp-json\/wp\/v2\/tags?post=47680"}],"curies":[{"name":"wp","href":"https:\/\/api.w.org\/{rel}","templated":true}]}}