{"id":39565,"date":"2020-07-03T13:22:40","date_gmt":"2020-07-03T11:22:40","guid":{"rendered":"https:\/\/drytech.ch\/residenza-martina-riva-san-vitale\/"},"modified":"2025-05-06T16:17:45","modified_gmt":"2025-05-06T14:17:45","slug":"architekten-botta-residenza-martina","status":"publish","type":"post","link":"https:\/\/drytech.ch\/de\/architekten-botta-residenza-martina\/","title":{"rendered":"Abdichtung der Tiefgarage"},"content":{"rendered":"\t\t<div data-elementor-type=\"wp-post\" data-elementor-id=\"39565\" class=\"elementor elementor-39565 elementor-30669\" data-elementor-settings=\"{&quot;ha_cmc_init_switcher&quot;:&quot;no&quot;}\">\n\t\t\t\t\t\t<section class=\"elementor-section elementor-top-section elementor-element elementor-element-a8c951f elementor-section-boxed elementor-section-height-default elementor-section-height-default\" data-id=\"a8c951f\" data-element_type=\"section\" data-e-type=\"section\" data-settings=\"{&quot;_ha_eqh_enable&quot;:false}\">\n\t\t\t\t\t\t<div class=\"elementor-container elementor-column-gap-default\">\n\t\t\t\t\t<div class=\"elementor-column elementor-col-100 elementor-top-column elementor-element elementor-element-55828262\" data-id=\"55828262\" data-element_type=\"column\" data-e-type=\"column\">\n\t\t\t<div class=\"elementor-widget-wrap elementor-element-populated\">\n\t\t\t\t\t\t<div class=\"elementor-element elementor-element-6f47b17 elementor-widget elementor-widget-text-editor\" data-id=\"6f47b17\" data-element_type=\"widget\" data-e-type=\"widget\" data-widget_type=\"text-editor.default\">\n\t\t\t\t<div class=\"elementor-widget-container\">\n\t\t\t\t\t\t\t\t\t<p>Die Abdichtung der Tiefgarage der Residenza Martina in Riva San Vitale erm\u00f6glicht dank der Rationalit\u00e4t der Drytech Wanne eine optimale Raumausnutzung.<br \/><br \/>Die vom Architekten Mario Botta entworfene Residenza Martina geniesst eine privilegierte Lage, nur wenige Schritte vom Zentrum von Riva San Vitale und dem Ufer des Luganersees entfernt.<\/p><p>Elegant. Gem\u00fctlich. Warm. Komfortabel. Gepflegt. Das sind die Eigenschaften, die sich jeder f\u00fcr sein eigenes Zuhause w\u00fcnscht.<\/p><p>Dies sind die Merkmale der Residenz, die eine ideale Wohnl\u00f6sung f\u00fcr Menschen im dritten und vierten Lebensalter bietet.<\/p><p>Tats\u00e4chlich integriert es absolut autonome und pers\u00f6nliche Wohnungen mit der M\u00f6glichkeit, alle Dienstleistungen der Pflege, Unterst\u00fctzung, Pr\u00e4vention und Sozialisation zu erhalten.<\/p><p>Der Mehrwert der Residenza Martina ist die Integration in das Leben der Stadt.<\/p><p>In der Tat im Zentrum steigend, k\u00f6nnen die Einwohner zu Fu\u00df zu Gesch\u00e4ften, Caf\u00e9s, der Post, dem Lido von Riva San Vitale gehen.<\/p><p>Ist die Struktur einerseits offen und mit der Gemeinschaft verbunden, ist sie andererseits buchst\u00e4blich in die Natur eingetaucht.<\/p><p>Die Zug\u00e4nge befinden sich im Norden, zum Stadtzentrum und zum See hin, ebenso wie die Zufahrtsrampe zur Tiefgarage, gebaut mit einem 1.860 m\u00b2 gro\u00dfen <a href=\"https:\/\/drytech.ch\/de\/drytech-weisse-wanne\/\" target=\"_blank\" rel=\"noopener\">Drytech Wanne<\/a>.<\/p><p>Die komplett nach S\u00fcden ausgerichtete Hauptfassade \u00f6ffnet sich stattdessen auf den gro\u00dfen gemeinsamen Rasen und hinter einer Baumreihe auf die Gr\u00fcnanlage der nahegelegenen Schule.<\/p><p>Die Residenz Martina in Riva San Vitale ist ein echtes Zuhause, in dem jeder seine eigene, intime und soziale Dimension finden kann.<\/p><p><span style=\"color: #fa4616;\">Eigentum:<\/span> SPM, Manno<\/p><p><span style=\"color: #fa4616;\">Projekt:<\/span> Arch. Mario Botta, Mendrisio<\/p><p><span style=\"color: #fa4616;\">Struktur:<\/span> Ing. Cesare Lucini, Paradiso<\/p><p><span style=\"color: #fa4616;\">Bau:<\/span>\u00a0Barella, Chiasso<\/p><p><span style=\"color: #fa4616;\">Drytech Wanne:<\/span> 1.860 m\u00b2<\/p>\t\t\t\t\t\t\t\t<\/div>\n\t\t\t\t<\/div>\n\t\t\t\t\t<\/div>\n\t\t<\/div>\n\t\t\t\t\t<\/div>\n\t\t<\/section>\n\t\t\t\t<\/div>\n\t\t","protected":false},"excerpt":{"rendered":"<p>Residenz Martina, Riva San Vitale<\/p>\n","protected":false},"author":2,"featured_media":31666,"comment_status":"closed","ping_status":"closed","sticky":false,"template":"","format":"standard","meta":{"footnotes":""},"categories":[300,301,299],"tags":[307,309,313,900,901,902,903],"class_list":["post-39565","post","type-post","status-publish","format-standard","has-post-thumbnail","hentry","category-sotterranei-de","category-svizzera-de","category-regione-de","tag-drytech-ticino-de","tag-impermeabilizzazione-de","tag-vasca-drytech-de","tag-arch-mario-botta-de","tag-impresa-barella-de","tag-ing-lucini-de","tag-spm-de"],"yoast_head":"<!-- This site is optimized with the Yoast SEO plugin v27.2 - https:\/\/yoast.com\/product\/yoast-seo-wordpress\/ -->\n<title>Abdichtung der Tiefgarage - Drytech<\/title>\n<meta name=\"description\" content=\"Die Abdichtung der Tiefgarage der Residenza Martina in Riva San Vitale erm\u00f6glicht eine optimale Raumausnutzung.\" \/>\n<meta name=\"robots\" content=\"index, follow, max-snippet:-1, max-image-preview:large, max-video-preview:-1\" \/>\n<link rel=\"canonical\" href=\"https:\/\/drytech.ch\/de\/architekten-botta-residenza-martina\/\" \/>\n<meta property=\"og:locale\" content=\"de_DE\" \/>\n<meta property=\"og:type\" content=\"article\" \/>\n<meta property=\"og:title\" content=\"Abdichtung der Tiefgarage - Drytech\" \/>\n<meta property=\"og:description\" content=\"Die Abdichtung der Tiefgarage der Residenza Martina in Riva San Vitale erm\u00f6glicht eine optimale Raumausnutzung.\" \/>\n<meta property=\"og:url\" content=\"https:\/\/drytech.ch\/de\/architekten-botta-residenza-martina\/\" \/>\n<meta property=\"og:site_name\" content=\"Drytech\" \/>\n<meta property=\"article:published_time\" content=\"2020-07-03T11:22:40+00:00\" \/>\n<meta property=\"article:modified_time\" content=\"2025-05-06T14:17:45+00:00\" \/>\n<meta property=\"og:image\" content=\"https:\/\/drytech.ch\/wp-content\/uploads\/2020\/07\/rivaSANvitaleMARTINAbotta82-1.jpg\" \/>\n\t<meta property=\"og:image:width\" content=\"1000\" \/>\n\t<meta property=\"og:image:height\" content=\"667\" \/>\n\t<meta property=\"og:image:type\" content=\"image\/jpeg\" \/>\n<meta name=\"author\" content=\"Luca Negri\" \/>\n<meta name=\"twitter:card\" content=\"summary_large_image\" \/>\n<meta name=\"twitter:label1\" content=\"Verfasst von\" \/>\n\t<meta name=\"twitter:data1\" content=\"Luca Negri\" \/>\n\t<meta name=\"twitter:label2\" content=\"Gesch\u00e4tzte Lesezeit\" \/>\n\t<meta name=\"twitter:data2\" content=\"2\u00a0Minuten\" \/>\n<script type=\"application\/ld+json\" class=\"yoast-schema-graph\">{\"@context\":\"https:\/\/schema.org\",\"@graph\":[{\"@type\":\"Article\",\"@id\":\"https:\/\/drytech.ch\/de\/architekten-botta-residenza-martina\/#article\",\"isPartOf\":{\"@id\":\"https:\/\/drytech.ch\/de\/architekten-botta-residenza-martina\/\"},\"author\":{\"name\":\"Luca Negri\",\"@id\":\"https:\/\/drytech.ch\/de\/#\/schema\/person\/f3985c453cb5c78debb74f0e7c5b1051\"},\"headline\":\"Abdichtung der Tiefgarage\",\"datePublished\":\"2020-07-03T11:22:40+00:00\",\"dateModified\":\"2025-05-06T14:17:45+00:00\",\"mainEntityOfPage\":{\"@id\":\"https:\/\/drytech.ch\/de\/architekten-botta-residenza-martina\/\"},\"wordCount\":272,\"publisher\":{\"@id\":\"https:\/\/drytech.ch\/de\/#organization\"},\"image\":{\"@id\":\"https:\/\/drytech.ch\/de\/architekten-botta-residenza-martina\/#primaryimage\"},\"thumbnailUrl\":\"https:\/\/drytech.ch\/wp-content\/uploads\/2020\/07\/rivaSANvitaleMARTINAbotta82-1.jpg\",\"keywords\":[\"Drytech Ticino\",\"impermeabilizzazione\",\"vasca drytech\",\"Arch. Mario Botta\",\"Impresa Barella\",\"Ing. Lucini\",\"SPM\"],\"articleSection\":[\"Untergeschossen\",\"Schweiz\",\"Land\"],\"inLanguage\":\"de\"},{\"@type\":\"WebPage\",\"@id\":\"https:\/\/drytech.ch\/de\/architekten-botta-residenza-martina\/\",\"url\":\"https:\/\/drytech.ch\/de\/architekten-botta-residenza-martina\/\",\"name\":\"Abdichtung der Tiefgarage - Drytech\",\"isPartOf\":{\"@id\":\"https:\/\/drytech.ch\/de\/#website\"},\"primaryImageOfPage\":{\"@id\":\"https:\/\/drytech.ch\/de\/architekten-botta-residenza-martina\/#primaryimage\"},\"image\":{\"@id\":\"https:\/\/drytech.ch\/de\/architekten-botta-residenza-martina\/#primaryimage\"},\"thumbnailUrl\":\"https:\/\/drytech.ch\/wp-content\/uploads\/2020\/07\/rivaSANvitaleMARTINAbotta82-1.jpg\",\"datePublished\":\"2020-07-03T11:22:40+00:00\",\"dateModified\":\"2025-05-06T14:17:45+00:00\",\"description\":\"Die Abdichtung der Tiefgarage der Residenza Martina in Riva San Vitale erm\u00f6glicht eine optimale Raumausnutzung.\",\"breadcrumb\":{\"@id\":\"https:\/\/drytech.ch\/de\/architekten-botta-residenza-martina\/#breadcrumb\"},\"inLanguage\":\"de\",\"potentialAction\":[{\"@type\":\"ReadAction\",\"target\":[\"https:\/\/drytech.ch\/de\/architekten-botta-residenza-martina\/\"]}]},{\"@type\":\"ImageObject\",\"inLanguage\":\"de\",\"@id\":\"https:\/\/drytech.ch\/de\/architekten-botta-residenza-martina\/#primaryimage\",\"url\":\"https:\/\/drytech.ch\/wp-content\/uploads\/2020\/07\/rivaSANvitaleMARTINAbotta82-1.jpg\",\"contentUrl\":\"https:\/\/drytech.ch\/wp-content\/uploads\/2020\/07\/rivaSANvitaleMARTINAbotta82-1.jpg\",\"width\":1000,\"height\":667,\"caption\":\"ie vom Architekten Mario Botta entworfene Residenza Martina geniesst eine privilegierte Lage, nur wenige Schritte vom Zentrum von Riva San Vitale und dem Ufer des Luganersees entfernt.\"},{\"@type\":\"BreadcrumbList\",\"@id\":\"https:\/\/drytech.ch\/de\/architekten-botta-residenza-martina\/#breadcrumb\",\"itemListElement\":[{\"@type\":\"ListItem\",\"position\":1,\"name\":\"Home\",\"item\":\"https:\/\/drytech.ch\/de\/\"},{\"@type\":\"ListItem\",\"position\":2,\"name\":\"Abdichtung der Tiefgarage\"}]},{\"@type\":\"WebSite\",\"@id\":\"https:\/\/drytech.ch\/de\/#website\",\"url\":\"https:\/\/drytech.ch\/de\/\",\"name\":\"Drytech\",\"description\":\"Costruzioni Impermeabili\",\"publisher\":{\"@id\":\"https:\/\/drytech.ch\/de\/#organization\"},\"alternateName\":\"waterproofing\",\"potentialAction\":[{\"@type\":\"SearchAction\",\"target\":{\"@type\":\"EntryPoint\",\"urlTemplate\":\"https:\/\/drytech.ch\/de\/?s={search_term_string}\"},\"query-input\":{\"@type\":\"PropertyValueSpecification\",\"valueRequired\":true,\"valueName\":\"search_term_string\"}}],\"inLanguage\":\"de\"},{\"@type\":\"Organization\",\"@id\":\"https:\/\/drytech.ch\/de\/#organization\",\"name\":\"Drytech\",\"url\":\"https:\/\/drytech.ch\/de\/\",\"logo\":{\"@type\":\"ImageObject\",\"inLanguage\":\"de\",\"@id\":\"https:\/\/drytech.ch\/de\/#\/schema\/logo\/image\/\",\"url\":\"https:\/\/drytech.ch\/wp-content\/uploads\/2020\/05\/drytech-logo-retina.png\",\"contentUrl\":\"https:\/\/drytech.ch\/wp-content\/uploads\/2020\/05\/drytech-logo-retina.png\",\"width\":839,\"height\":149,\"caption\":\"Drytech\"},\"image\":{\"@id\":\"https:\/\/drytech.ch\/de\/#\/schema\/logo\/image\/\"}},{\"@type\":\"Person\",\"@id\":\"https:\/\/drytech.ch\/de\/#\/schema\/person\/f3985c453cb5c78debb74f0e7c5b1051\",\"name\":\"Luca Negri\",\"image\":{\"@type\":\"ImageObject\",\"inLanguage\":\"de\",\"@id\":\"https:\/\/secure.gravatar.com\/avatar\/c7a2032c713ed643eb01ca9eaba319363c8cae625225983b5dbbabeace1f6efa?s=96&d=mm&r=g\",\"url\":\"https:\/\/secure.gravatar.com\/avatar\/c7a2032c713ed643eb01ca9eaba319363c8cae625225983b5dbbabeace1f6efa?s=96&d=mm&r=g\",\"contentUrl\":\"https:\/\/secure.gravatar.com\/avatar\/c7a2032c713ed643eb01ca9eaba319363c8cae625225983b5dbbabeace1f6efa?s=96&d=mm&r=g\",\"caption\":\"Luca Negri\"},\"url\":\"https:\/\/drytech.ch\/de\/author\/negri\/\"}]}<\/script>\n<!-- \/ Yoast SEO plugin. -->","yoast_head_json":{"title":"Abdichtung der Tiefgarage - Drytech","description":"Die Abdichtung der Tiefgarage der Residenza Martina in Riva San Vitale erm\u00f6glicht eine optimale Raumausnutzung.","robots":{"index":"index","follow":"follow","max-snippet":"max-snippet:-1","max-image-preview":"max-image-preview:large","max-video-preview":"max-video-preview:-1"},"canonical":"https:\/\/drytech.ch\/de\/architekten-botta-residenza-martina\/","og_locale":"de_DE","og_type":"article","og_title":"Abdichtung der Tiefgarage - Drytech","og_description":"Die Abdichtung der Tiefgarage der Residenza Martina in Riva San Vitale erm\u00f6glicht eine optimale Raumausnutzung.","og_url":"https:\/\/drytech.ch\/de\/architekten-botta-residenza-martina\/","og_site_name":"Drytech","article_published_time":"2020-07-03T11:22:40+00:00","article_modified_time":"2025-05-06T14:17:45+00:00","og_image":[{"width":1000,"height":667,"url":"https:\/\/drytech.ch\/wp-content\/uploads\/2020\/07\/rivaSANvitaleMARTINAbotta82-1.jpg","type":"image\/jpeg"}],"author":"Luca Negri","twitter_card":"summary_large_image","twitter_misc":{"Verfasst von":"Luca Negri","Gesch\u00e4tzte Lesezeit":"2\u00a0Minuten"},"schema":{"@context":"https:\/\/schema.org","@graph":[{"@type":"Article","@id":"https:\/\/drytech.ch\/de\/architekten-botta-residenza-martina\/#article","isPartOf":{"@id":"https:\/\/drytech.ch\/de\/architekten-botta-residenza-martina\/"},"author":{"name":"Luca Negri","@id":"https:\/\/drytech.ch\/de\/#\/schema\/person\/f3985c453cb5c78debb74f0e7c5b1051"},"headline":"Abdichtung der Tiefgarage","datePublished":"2020-07-03T11:22:40+00:00","dateModified":"2025-05-06T14:17:45+00:00","mainEntityOfPage":{"@id":"https:\/\/drytech.ch\/de\/architekten-botta-residenza-martina\/"},"wordCount":272,"publisher":{"@id":"https:\/\/drytech.ch\/de\/#organization"},"image":{"@id":"https:\/\/drytech.ch\/de\/architekten-botta-residenza-martina\/#primaryimage"},"thumbnailUrl":"https:\/\/drytech.ch\/wp-content\/uploads\/2020\/07\/rivaSANvitaleMARTINAbotta82-1.jpg","keywords":["Drytech Ticino","impermeabilizzazione","vasca drytech","Arch. Mario Botta","Impresa Barella","Ing. Lucini","SPM"],"articleSection":["Untergeschossen","Schweiz","Land"],"inLanguage":"de"},{"@type":"WebPage","@id":"https:\/\/drytech.ch\/de\/architekten-botta-residenza-martina\/","url":"https:\/\/drytech.ch\/de\/architekten-botta-residenza-martina\/","name":"Abdichtung der Tiefgarage - Drytech","isPartOf":{"@id":"https:\/\/drytech.ch\/de\/#website"},"primaryImageOfPage":{"@id":"https:\/\/drytech.ch\/de\/architekten-botta-residenza-martina\/#primaryimage"},"image":{"@id":"https:\/\/drytech.ch\/de\/architekten-botta-residenza-martina\/#primaryimage"},"thumbnailUrl":"https:\/\/drytech.ch\/wp-content\/uploads\/2020\/07\/rivaSANvitaleMARTINAbotta82-1.jpg","datePublished":"2020-07-03T11:22:40+00:00","dateModified":"2025-05-06T14:17:45+00:00","description":"Die Abdichtung der Tiefgarage der Residenza Martina in Riva San Vitale erm\u00f6glicht eine optimale Raumausnutzung.","breadcrumb":{"@id":"https:\/\/drytech.ch\/de\/architekten-botta-residenza-martina\/#breadcrumb"},"inLanguage":"de","potentialAction":[{"@type":"ReadAction","target":["https:\/\/drytech.ch\/de\/architekten-botta-residenza-martina\/"]}]},{"@type":"ImageObject","inLanguage":"de","@id":"https:\/\/drytech.ch\/de\/architekten-botta-residenza-martina\/#primaryimage","url":"https:\/\/drytech.ch\/wp-content\/uploads\/2020\/07\/rivaSANvitaleMARTINAbotta82-1.jpg","contentUrl":"https:\/\/drytech.ch\/wp-content\/uploads\/2020\/07\/rivaSANvitaleMARTINAbotta82-1.jpg","width":1000,"height":667,"caption":"ie vom Architekten Mario Botta entworfene Residenza Martina geniesst eine privilegierte Lage, nur wenige Schritte vom Zentrum von Riva San Vitale und dem Ufer des Luganersees entfernt."},{"@type":"BreadcrumbList","@id":"https:\/\/drytech.ch\/de\/architekten-botta-residenza-martina\/#breadcrumb","itemListElement":[{"@type":"ListItem","position":1,"name":"Home","item":"https:\/\/drytech.ch\/de\/"},{"@type":"ListItem","position":2,"name":"Abdichtung der Tiefgarage"}]},{"@type":"WebSite","@id":"https:\/\/drytech.ch\/de\/#website","url":"https:\/\/drytech.ch\/de\/","name":"Drytech","description":"Costruzioni Impermeabili","publisher":{"@id":"https:\/\/drytech.ch\/de\/#organization"},"alternateName":"waterproofing","potentialAction":[{"@type":"SearchAction","target":{"@type":"EntryPoint","urlTemplate":"https:\/\/drytech.ch\/de\/?s={search_term_string}"},"query-input":{"@type":"PropertyValueSpecification","valueRequired":true,"valueName":"search_term_string"}}],"inLanguage":"de"},{"@type":"Organization","@id":"https:\/\/drytech.ch\/de\/#organization","name":"Drytech","url":"https:\/\/drytech.ch\/de\/","logo":{"@type":"ImageObject","inLanguage":"de","@id":"https:\/\/drytech.ch\/de\/#\/schema\/logo\/image\/","url":"https:\/\/drytech.ch\/wp-content\/uploads\/2020\/05\/drytech-logo-retina.png","contentUrl":"https:\/\/drytech.ch\/wp-content\/uploads\/2020\/05\/drytech-logo-retina.png","width":839,"height":149,"caption":"Drytech"},"image":{"@id":"https:\/\/drytech.ch\/de\/#\/schema\/logo\/image\/"}},{"@type":"Person","@id":"https:\/\/drytech.ch\/de\/#\/schema\/person\/f3985c453cb5c78debb74f0e7c5b1051","name":"Luca Negri","image":{"@type":"ImageObject","inLanguage":"de","@id":"https:\/\/secure.gravatar.com\/avatar\/c7a2032c713ed643eb01ca9eaba319363c8cae625225983b5dbbabeace1f6efa?s=96&d=mm&r=g","url":"https:\/\/secure.gravatar.com\/avatar\/c7a2032c713ed643eb01ca9eaba319363c8cae625225983b5dbbabeace1f6efa?s=96&d=mm&r=g","contentUrl":"https:\/\/secure.gravatar.com\/avatar\/c7a2032c713ed643eb01ca9eaba319363c8cae625225983b5dbbabeace1f6efa?s=96&d=mm&r=g","caption":"Luca Negri"},"url":"https:\/\/drytech.ch\/de\/author\/negri\/"}]}},"_links":{"self":[{"href":"https:\/\/drytech.ch\/de\/wp-json\/wp\/v2\/posts\/39565","targetHints":{"allow":["GET"]}}],"collection":[{"href":"https:\/\/drytech.ch\/de\/wp-json\/wp\/v2\/posts"}],"about":[{"href":"https:\/\/drytech.ch\/de\/wp-json\/wp\/v2\/types\/post"}],"author":[{"embeddable":true,"href":"https:\/\/drytech.ch\/de\/wp-json\/wp\/v2\/users\/2"}],"replies":[{"embeddable":true,"href":"https:\/\/drytech.ch\/de\/wp-json\/wp\/v2\/comments?post=39565"}],"version-history":[{"count":29,"href":"https:\/\/drytech.ch\/de\/wp-json\/wp\/v2\/posts\/39565\/revisions"}],"predecessor-version":[{"id":59932,"href":"https:\/\/drytech.ch\/de\/wp-json\/wp\/v2\/posts\/39565\/revisions\/59932"}],"wp:featuredmedia":[{"embeddable":true,"href":"https:\/\/drytech.ch\/de\/wp-json\/wp\/v2\/media\/31666"}],"wp:attachment":[{"href":"https:\/\/drytech.ch\/de\/wp-json\/wp\/v2\/media?parent=39565"}],"wp:term":[{"taxonomy":"category","embeddable":true,"href":"https:\/\/drytech.ch\/de\/wp-json\/wp\/v2\/categories?post=39565"},{"taxonomy":"post_tag","embeddable":true,"href":"https:\/\/drytech.ch\/de\/wp-json\/wp\/v2\/tags?post=39565"}],"curies":[{"name":"wp","href":"https:\/\/api.w.org\/{rel}","templated":true}]}}